[{"@context":"https:\/\/schema.org\/","@type":"Article","@id":"https:\/\/www.jarozi.cz\/proc-jsou-i-dnes-oblibene-patrove-postele-pro-dospele-i-pro-deti\/#Article","mainEntityOfPage":"https:\/\/www.jarozi.cz\/proc-jsou-i-dnes-oblibene-patrove-postele-pro-dospele-i-pro-deti\/","headline":"Pro\u010d jsou i dnes obl\u00edben\u00e9 patrov\u00e9 postele pro dosp\u011bl\u00e9 i pro d\u011bti","name":"Pro\u010d jsou i dnes obl\u00edben\u00e9 patrov\u00e9 postele pro dosp\u011bl\u00e9 i pro d\u011bti","description":"D\u011bti miluj\u00ed z\u00e1bavu a dobrodru\u017estv\u00ed, \u017eivot pova\u017euj\u00ed za nep\u0159etr\u017eitou hru a neberou jej tak v\u00e1\u017en\u011b, jako my, dosp\u011bl\u00ed. Dok\u00e1\u017eou si&hellip;","datePublished":"2019-09-14","dateModified":"2023-07-24","author":{"@type":"Person","@id":"https:\/\/www.jarozi.cz\/author\/#Person","name":"","url":"https:\/\/www.jarozi.cz\/author\/","identifier":1,"image":{"@type":"ImageObject","@id":"https:\/\/secure.gravatar.com\/avatar\/f14f9548cfce1bfc4b3267434069a757db9568e455121a8852ede019c83b3b5e?s=96&d=mm&r=g","url":"https:\/\/secure.gravatar.com\/avatar\/f14f9548cfce1bfc4b3267434069a757db9568e455121a8852ede019c83b3b5e?s=96&d=mm&r=g","height":96,"width":96}},"publisher":{"@type":"Organization","name":"jarozi.cz","logo":{"@type":"ImageObject","@id":"\/logo.png","url":"\/logo.png","width":600,"height":60}},"image":{"@type":"ImageObject","@id":"https:\/\/www.jarozi.cz\/wp-content\/uploads\/img_a346275_w1700_t1560249012.png","url":"https:\/\/www.jarozi.cz\/wp-content\/uploads\/img_a346275_w1700_t1560249012.png","height":0,"width":0},"url":"https:\/\/www.jarozi.cz\/proc-jsou-i-dnes-oblibene-patrove-postele-pro-dospele-i-pro-deti\/","about":["D\u016fm a zahrada"],"wordCount":441,"articleBody":"        D\u011bti miluj\u00ed z\u00e1bavu a dobrodru\u017estv\u00ed, \u017eivot pova\u017euj\u00ed za nep\u0159etr\u017eitou hru a neberou jej tak v\u00e1\u017en\u011b, jako my, dosp\u011bl\u00ed. Dok\u00e1\u017eou si vyhr\u00e1t i s oby\u010dejn\u00fdmi v\u011bcmi, mo\u017en\u00e1 se v\u00e1m n\u011bkdy p\u0159ihodilo, \u017ee drah\u00e1 hra\u010dka st\u00e1la v kout\u011b a va\u0161e ratolesti uspokojil dome\u010dek sestaven\u00fd z oby\u010dejn\u00fdch krabi\u010dek od z\u00e1palek. K tvo\u0159iv\u00e9 z\u00e1bav\u011b pot\u0159ebuj\u00ed jen m\u00e1lo m\u00edsta, sv\u016fj pokoj\u00edk pova\u017euj\u00ed za sv\u00e9 vlastn\u00ed kr\u00e1lovstv\u00ed a maj\u00ed r\u00e1dy r\u016fzn\u00e1 tajupln\u00e1 z\u00e1kout\u00ed, kde se mohou schov\u00e1vat, odkud maj\u00ed p\u0159ehled, a kde se jim dob\u0159e fantaz\u00edruje.  R\u00e1j her pro d\u011bti N\u011bkte\u0159\u00ed z v\u00e1s, t\u011bch d\u0159\u00edve narozen\u00fdch, si je\u0161t\u011b mo\u017en\u00e1 vybav\u00ed okam\u017eiky, kdy jsme us\u00ednali na d\u011btsk\u00fdch t\u00e1borech nebo na ly\u017ea\u0159sk\u00fdch kurzech v pokoj\u00edch vybaven\u00fdch palandami. Horn\u00ed l\u016f\u017eko bylo v\u011bt\u0161inou zabr\u00e1no jako prvn\u00ed a pokud n\u011bkter\u00e1 spodn\u00ed l\u016f\u017eka nebyla obsazena, slou\u017eila jako prostor pro hran\u00ed. S podobnou koncepc\u00ed p\u0159ich\u00e1z\u00ed i \u0159ada kutil\u016f, kte\u0159\u00ed zhotovuj\u00ed sv\u00fdm d\u011btem palandy, je\u017e maj\u00ed mnohem v\u011bt\u0161\u00ed \u00fasp\u011bch ne\u017e oby\u010dejn\u00e9 n\u00edzk\u00e9 post\u00fdlky. A tak i dnes, v dob\u011b mnoha technick\u00fdch vymo\u017eenost\u00ed a modern\u00edch trend\u016f bydlen\u00ed nach\u00e1z\u00ed patrov\u00e9 postele pro dosp\u011bl\u00e9 i pro d\u011bti uplatn\u011bn\u00ed v mnoha dom\u00e1cnostech.    Pro dosp\u011bl\u00e9 \u00faspora m\u00edsta Sou\u010dasn\u00fd trend nahr\u00e1v\u00e1 bytov\u00fdm \u0159e\u0161en\u00edm s \u00fasporou m\u00edsta a zaj\u00edmav\u00fdm koncept\u016fm s \u00falo\u017en\u00fdm prostorem. Ty lze \u0159e\u0161it i patrov\u00fdmi l\u016f\u017eky s vyu\u017eitelnou spodn\u00ed \u010d\u00e1st\u00ed bu\u010f jako pracovi\u0161t\u011b s psac\u00edm stolem, nebo s prostorn\u00fdmi komodami \u010di boxy, co\u017e se zvl\u00e1\u0161t\u011b uplatn\u00ed v mal\u00fdch bytech, kde nen\u00ed m\u00edsta nazbyt. Nej\u010dast\u011bji se jedn\u00e1 o stabiln\u00ed nosnou konstrukci z masivn\u00edho d\u0159eva, kter\u00e1 dob\u0159e odol\u00e1v\u00e1 r\u00e1zov\u00e9mu nam\u00e1h\u00e1n\u00ed, pro tyto \u00fa\u010dely se proto nehod\u00ed lisovan\u00e9 desky z d\u0159ev\u011bn\u00fdch pilin pota\u017een\u00e9 laminem, kter\u00e9 nemaj\u00ed pot\u0159ebnou pevnost. \u017d\u00e1dn\u00fd d\u00edl by nem\u011bl m\u00edt ostr\u00e9 hrany, horn\u00ed \u010d\u00e1st mus\u00ed b\u00fdt zabezpe\u010dena z\u00e1branou proti p\u00e1du a nem\u011bly by na ni ulehat d\u011bti mlad\u0161\u00ed \u0161esti let. Pozornost zam\u011b\u0159te i na \u0159e\u0161en\u00ed p\u0159\u00edstupov\u00fdch sch\u016fdk\u016f, kter\u00e9 mohou b\u00fdt bu\u010f rovn\u00e9, nebo ze\u0161ikmen\u00e9 jako\u017eto pohodln\u011bj\u0161\u00ed varianta.                                                                                                                                                                                                                                                                                                                                                                                          4.2\/5 - (16 votes)        "},{"@context":"https:\/\/schema.org\/","@type":"BreadcrumbList","itemListElement":[{"@type":"ListItem","position":1,"name":"Pro\u010d jsou i dnes obl\u00edben\u00e9 patrov\u00e9 postele pro dosp\u011bl\u00e9 i pro d\u011bti","item":"https:\/\/www.jarozi.cz\/proc-jsou-i-dnes-oblibene-patrove-postele-pro-dospele-i-pro-deti\/#breadcrumbitem"}]}]