[{"@context":"https:\/\/schema.org\/","@type":"Article","@id":"https:\/\/www.jarozi.cz\/den-v-zivote-podnikatele\/#Article","mainEntityOfPage":"https:\/\/www.jarozi.cz\/den-v-zivote-podnikatele\/","headline":"Den v \u017eivot\u011b podnikatele","name":"Den v \u017eivot\u011b podnikatele","description":"Ne v\u0161echny podnikatelsk\u00e9 dny jsou stejn\u00e9, ka\u017ed\u00fd m\u00e1 jin\u00fd pohled na to, jak sv\u016fj den vyu\u017eije. Ne ka\u017ed\u00fd vst\u00e1v\u00e1 v&nbsp;\u0161est&hellip;","datePublished":"2019-09-10","dateModified":"2023-05-07","author":{"@type":"Person","@id":"https:\/\/www.jarozi.cz\/author\/#Person","name":"","url":"https:\/\/www.jarozi.cz\/author\/","identifier":1,"image":{"@type":"ImageObject","@id":"https:\/\/secure.gravatar.com\/avatar\/f14f9548cfce1bfc4b3267434069a757db9568e455121a8852ede019c83b3b5e?s=96&d=mm&r=g","url":"https:\/\/secure.gravatar.com\/avatar\/f14f9548cfce1bfc4b3267434069a757db9568e455121a8852ede019c83b3b5e?s=96&d=mm&r=g","height":96,"width":96}},"publisher":{"@type":"Organization","name":"jarozi.cz","logo":{"@type":"ImageObject","@id":"\/logo.png","url":"\/logo.png","width":600,"height":60}},"image":{"@type":"ImageObject","@id":"https:\/\/www.jarozi.cz\/wp-content\/uploads\/img_a354758_w3028_t1569331962.jpg","url":"https:\/\/www.jarozi.cz\/wp-content\/uploads\/img_a354758_w3028_t1569331962.jpg","height":0,"width":0},"url":"https:\/\/www.jarozi.cz\/den-v-zivote-podnikatele\/","about":["Podnik\u00e1n\u00ed"],"wordCount":686,"articleBody":"Ne v\u0161echny podnikatelsk\u00e9 dny jsou stejn\u00e9, ka\u017ed\u00fd m\u00e1 jin\u00fd pohled na to, jak sv\u016fj den vyu\u017eije. Ne ka\u017ed\u00fd vst\u00e1v\u00e1 v&nbsp;\u0161est r\u00e1no, chod\u00ed na j\u00f3gu a pak hodinu p\u0159em\u00fd\u0161l\u00ed o dal\u0161\u00edch byznysov\u00fdch kroc\u00edch, pe\u010dliv\u011b si je zapisuje do den\u00edku a v&nbsp;8:00 u\u017e je p\u0159ipraven\u00fd v&nbsp;kancel\u00e1\u0159i. N\u011bkte\u0159\u00ed podnikatel\u00e9 maj\u00ed d\u011bti a r\u00e1no jim p\u0159ipravuj\u00ed sn\u00eddani a bal\u00ed sva\u010dinu do \u0161koly. Jin\u00ed se probud\u00ed s&nbsp;notebookem na b\u0159i\u0161e po dlouh\u00e9m no\u010dn\u00edm odpov\u00edd\u00e1n\u00ed na e-maily. Jedno maj\u00ed v\u0161ichni \u00fasp\u011b\u0161n\u00ed podnikatel\u00e9 stejn\u00e9, jsou si dob\u0159e v\u011bdomi, co je motivuje a \u010deho cht\u011bj\u00ed dos\u00e1hnout.Ka\u017ed\u00fd den by m\u011bl b\u00fdt strukturovan\u00fd tak, aby maximalizoval v\u0161ech 24 hodin. Hl\u00e1\u0161ka &bdquo;byl to dlouh\u00fd den&ldquo; je pom\u011brn\u011b b\u011b\u017en\u00e1, ale rozhoduj\u00edc\u00ed je, kolik jsme toho za ten den stihli ud\u011blat. Podnikatel by m\u011bl b\u00fdt schopn\u00fd v\u011bnovat se v\u00edce \u010dinnostem. R\u00e1no podnikatel\u00e9 obvykle odpov\u00eddaj\u00ed na e-maily z&nbsp;p\u0159edchoz\u00edho dne a noci, n\u00e1sleduje p\u0159\u00edprava r\u016fzn\u00fdch poklad\u016f a anal\u00fdz a potom m\u016f\u017ee doj\u00edt i na sch\u016fzku s&nbsp;klientem, aby den zavr\u0161ili p\u00e1r telefon\u00e1ty a rozjedn\u00e1n\u00edm kontrakt\u016f, p\u0159\u00edpadn\u011b pohovory s&nbsp;nov\u00fdmi zam\u011bstnanci.Nap\u0159\u00edklad Jeff Bezos za\u010d\u00edn\u00e1 sv\u016fj den nejkriti\u010dt\u011bj\u0161\u00edmi sch\u016fzkami, kdy\u017e m\u00e1 je\u0161t\u011b dostatek energie a je schopn\u00fd udr\u017eet pozornost. Tak\u017ee na konci dne, kdy\u017e u\u017e energie nen\u00ed nazbyt, nemus\u00ed \u010dinit d\u016fle\u017eit\u00e1 rozhodnut\u00ed. Pokud sv\u016fj den zah\u00e1j\u00edte nejn\u00e1ro\u010dn\u011bj\u0161\u00edm nebo nejhor\u0161\u00edm \u00fakolem, budete m\u00edt dostatek motivace a energie, abyste \u00fakol zvl\u00e1dli a zbytek dne u\u017e bude snadn\u00fd. \u0158\u00edk\u00e1 se, \u017ee intelektu\u00e1ln\u00ed pr\u00e1ci je nejlep\u0161\u00ed v\u011bnovat se r\u00e1no a kreativn\u00ed zase, kdy\u017e se za\u010dne projevovat \u00fanava.\u017d\u00e1dn\u00fd podnikatel ale nezapom\u00edn\u00e1 ani na svoji rodinu a p\u0159\u00e1tele. Naj\u00edt si voln\u00fd \u010das je d\u016fle\u017eit\u00e9, aby \u010dlov\u011bk nevyho\u0159el hned po p\u016fl roku tvrd\u00e9 pr\u00e1ce. V\u011bt\u0161ina za\u010d\u00e1te\u010dn\u00edk\u016f d\u011bl\u00e1 chybu, kdy\u017e tr\u00e1v\u00ed v\u011bt\u0161inu \u010dasu v&nbsp;pr\u00e1ci nebo se v\u011bnuje jen sob\u011b. Nej\u00fasp\u011b\u0161n\u011bj\u0161\u00ed podnikatel\u00e9 si dok\u00e1\u017e\u00ed vy\u010dlenit ve sv\u00e9m denn\u00edm rozvrhu \u010das na svoji rodinu, p\u0159\u00e1tele i sebe. Dobr\u00e9 je ud\u011blat si \u010das i na \u010dten\u00ed a vzd\u011bl\u00e1v\u00e1n\u00ed se, proto\u017ee tyto aktivity n\u00e1s posouvaj\u00ed d\u00e1le. Mark Zuckeberg za\u010d\u00edn\u00e1 sv\u016fj den nat\u00e1hnut\u00edm se po mobilu a \u010dten\u00edm e-mail\u016f a kon\u010d\u00ed ho ukl\u00e1d\u00e1n\u00edm sv\u00fdch d\u011bt\u00ed ke sp\u00e1nku. Richard Branson zase vst\u00e1v\u00e1 v&nbsp;p\u011bt r\u00e1no, aby stihl vy\u0159\u00eddit nejd\u016fle\u017eit\u011bj\u0161\u00ed e-maily a potom ho u\u017e nic neru\u0161ilo od spole\u010dn\u00e9 sn\u00eddan\u011b s&nbsp;rodinou.Pracovn\u00ed doba 50 a\u017e 90 hodin t\u00fddn\u011b (Elon Musk dokonce 110) si vy\u017eaduje neuv\u011b\u0159itelnou d\u00e1vku motivace, kter\u00e1 v\u00e1s neust\u00e1le tla\u010d\u00ed kup\u0159edu a dovoluje v\u00e1m v\u011bnovat se sv\u00e9 pr\u00e1ci naplno. Elon Musk zakon\u010duje sv\u016fj den \u010dten\u00edm e-mail\u016f v&nbsp;jednu v&nbsp;noci po cel\u00e9m dni pln\u00e9m sch\u016fzek, telefonn\u00edch hovor\u016f a obch\u016fzk\u00e1ch tov\u00e1ren Tesly nebo SpaceX. Kdy\u017e \u0161pi\u010dkov\u00fd podnikatel\u00e9 tr\u00e1v\u00ed t\u00e9m\u011b\u0159 cel\u00fd den od \u00fasvitu po z\u00e1pad slunce prac\u00ed, nen\u00ed divu, \u017ee Steve Jobs jednou prohl\u00e1sil: &bdquo;Jsem p\u0159esv\u011bd\u010den, \u017ee jedin\u00e1 v\u011bc, kter\u00e1 m\u011b udr\u017eovala v&nbsp;chodu, bylo to, \u017ee jsem miloval to, co jsem d\u011blal.&ldquo;V\u017edy mus\u00ed existovat n\u011bjak\u00fd d\u016fvod, pro\u010d jsou podnikatel\u00e9 tak motivovan\u00ed vydr\u017eet maxim\u00e1ln\u00ed pracovn\u00ed nasazen\u00ed ka\u017ed\u00fd den v&nbsp;\u017eivot\u011b, nezvolnit a je\u0161t\u011b si ud\u011blat \u010das na soci\u00e1ln\u00ed \u017eivot a sv\u00e9 nejbli\u017e\u0161\u00ed.                                                                                                                                                                                                                                                                                                                                                                                        4.2\/5 - (8 votes)        "},{"@context":"https:\/\/schema.org\/","@type":"BreadcrumbList","itemListElement":[{"@type":"ListItem","position":1,"name":"Den v \u017eivot\u011b podnikatele","item":"https:\/\/www.jarozi.cz\/den-v-zivote-podnikatele\/#breadcrumbitem"}]}]